[{"@context":"https:\/\/schema.org\/","@type":"Article","@id":"https:\/\/www.panbex.cz\/kadere-pod-ramena-nebo-jeste-niz\/#Article","mainEntityOfPage":"https:\/\/www.panbex.cz\/kadere-pod-ramena-nebo-jeste-niz\/","headline":"Kade\u0159e pod ramena nebo je\u0161t\u011b n\u00ed\u017e?","name":"Kade\u0159e pod ramena nebo je\u0161t\u011b n\u00ed\u017e?","description":"V\u011bt\u0161ina z n\u00e1s si pod prodlou\u017een\u00edm vlas\u016f p\u0159edstav\u00ed h\u0159\u00edvu a\u017e do pasu. Ale nemus\u00ed to tak b\u00fdt. N\u011bkter\u00fdm \u017een\u00e1m rostou jejich kade\u0159e opravdu velmi pomalu [&hellip;]","datePublished":"2024-11-29","dateModified":"2024-11-29","author":{"@type":"Person","@id":"https:\/\/www.panbex.cz\/author\/#Person","name":"","url":"https:\/\/www.panbex.cz\/author\/","identifier":1,"image":{"@type":"ImageObject","@id":"https:\/\/secure.gravatar.com\/avatar\/0c97be8873d84c78e7a3da39294dc9e209ea44cdddcf1d79ac5ad761aa3cfc7f?s=96&d=mm&r=g","url":"https:\/\/secure.gravatar.com\/avatar\/0c97be8873d84c78e7a3da39294dc9e209ea44cdddcf1d79ac5ad761aa3cfc7f?s=96&d=mm&r=g","height":96,"width":96}},"publisher":{"@type":"Organization","name":"panbex.cz","logo":{"@type":"ImageObject","@id":"\/logo.png","url":"\/logo.png","width":600,"height":60}},"url":"https:\/\/www.panbex.cz\/kadere-pod-ramena-nebo-jeste-niz\/","wordCount":219,"articleBody":"V\u011bt\u0161ina z n\u00e1s si pod prodlou\u017een\u00edm vlas\u016f p\u0159edstav\u00ed h\u0159\u00edvu a\u017e do pasu. Ale nemus\u00ed to tak b\u00fdt. N\u011bkter\u00fdm \u017een\u00e1m rostou jejich kade\u0159e opravdu velmi pomalu a tak si je nechaj\u00ed nastavit, ale t\u0159eba jen po ramena. Tak\u00e9 p\u0159em\u00fd\u0161l\u00edte nad nov\u00fdm \u00fa\u010desem? Tak pro\u010d nevyzkou\u0161et zrovna tohle? Va\u0161e prom\u011bna m\u016f\u017ee b\u00fdt jen jemn\u00e1 a sotva znateln\u00e1 nebo naopak velmi razantn\u00ed. Je to jen na V\u00e1s. M\u016f\u017eete zm\u011bnit klidn\u011b i barvu Va\u0161\u00ed h\u0159\u00edvy, my V\u00e1m nab\u00edz\u00edme v\u0161echny mo\u017en\u00e9 i nemo\u017en\u00e9 p\u0159\u00edrodn\u00ed odst\u00edny. Bu\u010fte kr\u00e1sn\u00e1 a spokojen\u00e1 Na\u0161i profesion\u00e1ln\u00ed pracovn\u00edci V\u00e1m zodpov\u011bd\u00ed jak\u00e9koliv dotazy ohledn\u011b prodlu\u017eov\u00e1n\u00ed vlas\u016f. Nab\u00eddnou V\u00e1m hned n\u011bkolik metod a vysv\u011btl\u00ed V\u00e1m jejich v\u00fdhody i nev\u00fdhody. Doporu\u010d\u00ed V\u00e1m metodu nejlep\u0161\u00ed pro V\u00e1\u0161 porost na hlavince, aby Va\u0161e kade\u0159e nijak nestr\u00e1daly, a Vy jste od n\u00e1s odch\u00e1zela kr\u00e1sn\u00e1 a spokojen\u00e1. Va\u0161e nov\u00e1 h\u0159\u00edva V\u00e1s bude zdobit a\u017e n\u011bkolik let. Tak u\u017e na nic ne\u010dekejte a p\u0159ij\u010fte k n\u00e1m. Nechte se h\u00fd\u010dkat.                                                                                                                                                                                                                                                                                                                                                                                        1\/5 - (1 vote)        "},{"@context":"https:\/\/schema.org\/","@type":"BreadcrumbList","itemListElement":[{"@type":"ListItem","position":1,"name":"Kade\u0159e pod ramena nebo je\u0161t\u011b n\u00ed\u017e?","item":"https:\/\/www.panbex.cz\/kadere-pod-ramena-nebo-jeste-niz\/#breadcrumbitem"}]}]