{"@context":"https:\/\/schema.org\/","@type":"CollectionPage","@id":"https:\/\/www.panbex.cz\/vztahy\/#CollectionPage","headline":"Vztahy Category","description":"","url":"https:\/\/www.panbex.cz\/vztahy\/","hasPart":[{"@type":"Article","@id":"https:\/\/www.panbex.cz\/na-cem-muzum-v-partnerstvi-zalezi\/","headline":"Na \u010dem mu\u017e\u016fm v partnerstv\u00ed z\u00e1le\u017e\u00ed?","url":"https:\/\/www.panbex.cz\/na-cem-muzum-v-partnerstvi-zalezi\/","datePublished":"2019-01-07","dateModified":"2023-07-13","mainEntityOfPage":"https:\/\/www.panbex.cz\/na-cem-muzum-v-partnerstvi-zalezi\/","author":{"@type":"Person","@id":"https:\/\/www.panbex.cz\/author\/#Person","name":"","url":"https:\/\/www.panbex.cz\/author\/","identifier":1,"image":{"@type":"ImageObject","@id":"https:\/\/secure.gravatar.com\/avatar\/0c97be8873d84c78e7a3da39294dc9e209ea44cdddcf1d79ac5ad761aa3cfc7f?s=96&d=mm&r=g","url":"https:\/\/secure.gravatar.com\/avatar\/0c97be8873d84c78e7a3da39294dc9e209ea44cdddcf1d79ac5ad761aa3cfc7f?s=96&d=mm&r=g","height":96,"width":96}},"publisher":{"@type":"Organization","name":"panbex.cz","logo":{"@type":"ImageObject","@id":"\/logo.png","url":"\/logo.png","width":600,"height":60}},"image":{"@type":"ImageObject","@id":"https:\/\/www.panbex.cz\/wp-content\/uploads\/img_a335351_w2327_t1548673804.jpg","url":"https:\/\/www.panbex.cz\/wp-content\/uploads\/img_a335351_w2327_t1548673804.jpg","height":0,"width":0},"keywords":null},{"@type":"Article","@id":"https:\/\/www.panbex.cz\/rychle-hubnuti\/","headline":"Rychl\u00e9 hubnut\u00ed","url":"https:\/\/www.panbex.cz\/rychle-hubnuti\/","datePublished":"2018-12-12","dateModified":"2023-07-13","mainEntityOfPage":"https:\/\/www.panbex.cz\/rychle-hubnuti\/","author":{"@type":"Person","@id":"https:\/\/www.panbex.cz\/author\/#Person","name":"","url":"https:\/\/www.panbex.cz\/author\/","identifier":1,"image":{"@type":"ImageObject","@id":"https:\/\/secure.gravatar.com\/avatar\/0c97be8873d84c78e7a3da39294dc9e209ea44cdddcf1d79ac5ad761aa3cfc7f?s=96&d=mm&r=g","url":"https:\/\/secure.gravatar.com\/avatar\/0c97be8873d84c78e7a3da39294dc9e209ea44cdddcf1d79ac5ad761aa3cfc7f?s=96&d=mm&r=g","height":96,"width":96}},"publisher":{"@type":"Organization","name":"panbex.cz","logo":{"@type":"ImageObject","@id":"\/logo.png","url":"\/logo.png","width":600,"height":60}},"image":{"@type":"ImageObject","@id":"https:\/\/www.panbex.cz\/wp-content\/uploads\/img_a332296_w2600_t1545134181.jpg","url":"https:\/\/www.panbex.cz\/wp-content\/uploads\/img_a332296_w2600_t1545134181.jpg","height":0,"width":0},"keywords":null},{"@type":"Article","@id":"https:\/\/www.panbex.cz\/aby-vse-spravne-fungovalo\/","headline":"Aby v\u0161e spr\u00e1vn\u011b fungovalo","url":"https:\/\/www.panbex.cz\/aby-vse-spravne-fungovalo\/","datePublished":"2018-08-14","dateModified":"2023-12-28","mainEntityOfPage":"https:\/\/www.panbex.cz\/aby-vse-spravne-fungovalo\/","author":{"@type":"Person","@id":"https:\/\/www.panbex.cz\/author\/#Person","name":"","url":"https:\/\/www.panbex.cz\/author\/","identifier":1,"image":{"@type":"ImageObject","@id":"https:\/\/secure.gravatar.com\/avatar\/0c97be8873d84c78e7a3da39294dc9e209ea44cdddcf1d79ac5ad761aa3cfc7f?s=96&d=mm&r=g","url":"https:\/\/secure.gravatar.com\/avatar\/0c97be8873d84c78e7a3da39294dc9e209ea44cdddcf1d79ac5ad761aa3cfc7f?s=96&d=mm&r=g","height":96,"width":96}},"publisher":{"@type":"Organization","name":"panbex.cz","logo":{"@type":"ImageObject","@id":"\/logo.png","url":"\/logo.png","width":600,"height":60}},"image":{"@type":"ImageObject","@id":"https:\/\/www.panbex.cz\/wp-content\/uploads\/img_a324597_w2435_t1536482594.jpg","url":"https:\/\/www.panbex.cz\/wp-content\/uploads\/img_a324597_w2435_t1536482594.jpg","height":0,"width":0},"keywords":null},{"@type":"Article","@id":"https:\/\/www.panbex.cz\/zasoba-igelitovych-obalek-se-vam-doma-neztrati\/","headline":"Z\u00e1soba igelitov\u00fdch ob\u00e1lek se v\u00e1m doma neztrat\u00ed","url":"https:\/\/www.panbex.cz\/zasoba-igelitovych-obalek-se-vam-doma-neztrati\/","datePublished":"2018-01-10","dateModified":"2023-07-13","mainEntityOfPage":"https:\/\/www.panbex.cz\/zasoba-igelitovych-obalek-se-vam-doma-neztrati\/","author":{"@type":"Person","@id":"https:\/\/www.panbex.cz\/author\/#Person","name":"","url":"https:\/\/www.panbex.cz\/author\/","identifier":1,"image":{"@type":"ImageObject","@id":"https:\/\/secure.gravatar.com\/avatar\/0c97be8873d84c78e7a3da39294dc9e209ea44cdddcf1d79ac5ad761aa3cfc7f?s=96&d=mm&r=g","url":"https:\/\/secure.gravatar.com\/avatar\/0c97be8873d84c78e7a3da39294dc9e209ea44cdddcf1d79ac5ad761aa3cfc7f?s=96&d=mm&r=g","height":96,"width":96}},"publisher":{"@type":"Organization","name":"panbex.cz","logo":{"@type":"ImageObject","@id":"\/logo.png","url":"\/logo.png","width":600,"height":60}},"image":{"@type":"ImageObject","@id":"https:\/\/www.panbex.cz\/wp-content\/uploads\/img_a309962_w2209_t1520933105.png","url":"https:\/\/www.panbex.cz\/wp-content\/uploads\/img_a309962_w2209_t1520933105.png","height":0,"width":0},"keywords":null},{"@type":"Article","@id":"https:\/\/www.panbex.cz\/skocte-diteti-pro-kamarady\/","headline":"Sko\u010dte d\u00edt\u011bti pro kamar\u00e1dy","url":"https:\/\/www.panbex.cz\/skocte-diteti-pro-kamarady\/","datePublished":"2017-11-12","dateModified":"2023-07-13","mainEntityOfPage":"https:\/\/www.panbex.cz\/skocte-diteti-pro-kamarady\/","author":{"@type":"Person","@id":"https:\/\/www.panbex.cz\/author\/#Person","name":"","url":"https:\/\/www.panbex.cz\/author\/","identifier":1,"image":{"@type":"ImageObject","@id":"https:\/\/secure.gravatar.com\/avatar\/0c97be8873d84c78e7a3da39294dc9e209ea44cdddcf1d79ac5ad761aa3cfc7f?s=96&d=mm&r=g","url":"https:\/\/secure.gravatar.com\/avatar\/0c97be8873d84c78e7a3da39294dc9e209ea44cdddcf1d79ac5ad761aa3cfc7f?s=96&d=mm&r=g","height":96,"width":96}},"publisher":{"@type":"Organization","name":"panbex.cz","logo":{"@type":"ImageObject","@id":"\/logo.png","url":"\/logo.png","width":600,"height":60}},"image":{"@type":"ImageObject","@id":"https:\/\/www.panbex.cz\/wp-content\/uploads\/img_a304181_w2177_t1515151446.jpg","url":"https:\/\/www.panbex.cz\/wp-content\/uploads\/img_a304181_w2177_t1515151446.jpg","height":0,"width":0},"keywords":null},{"@type":"Article","@id":"https:\/\/www.panbex.cz\/prakticke-vlastnosti-kterymi-sedaci-soupravy-disponuji\/","headline":"Praktick\u00e9 vlastnosti, kter\u00fdmi sedac\u00ed soupravy disponuj\u00ed","url":"https:\/\/www.panbex.cz\/prakticke-vlastnosti-kterymi-sedaci-soupravy-disponuji\/","datePublished":"2017-08-07","dateModified":"2023-07-13","mainEntityOfPage":"https:\/\/www.panbex.cz\/prakticke-vlastnosti-kterymi-sedaci-soupravy-disponuji\/","author":{"@type":"Person","@id":"https:\/\/www.panbex.cz\/author\/#Person","name":"","url":"https:\/\/www.panbex.cz\/author\/","identifier":1,"image":{"@type":"ImageObject","@id":"https:\/\/secure.gravatar.com\/avatar\/0c97be8873d84c78e7a3da39294dc9e209ea44cdddcf1d79ac5ad761aa3cfc7f?s=96&d=mm&r=g","url":"https:\/\/secure.gravatar.com\/avatar\/0c97be8873d84c78e7a3da39294dc9e209ea44cdddcf1d79ac5ad761aa3cfc7f?s=96&d=mm&r=g","height":96,"width":96}},"publisher":{"@type":"Organization","name":"panbex.cz","logo":{"@type":"ImageObject","@id":"\/logo.png","url":"\/logo.png","width":600,"height":60}},"image":{"@type":"ImageObject","@id":"https:\/\/www.panbex.cz\/wp-content\/uploads\/img_a297223_w2125_t1507799731.png","url":"https:\/\/www.panbex.cz\/wp-content\/uploads\/img_a297223_w2125_t1507799731.png","height":0,"width":0},"keywords":null}]}